{"id":5630,"__str__":"Projeto de Lei Ordin\u00e1ria Legislativo n\u00ba 4593 de 2021","link_detail_backend":"/materia/5630","metadata":{},"numero":4593,"ano":2021,"numero_protocolo":null,"data_apresentacao":"2021-02-23","tipo_apresentacao":"","data_publicacao":null,"numero_origem_externa":"","ano_origem_externa":null,"data_origem_externa":null,"apelido":"","dias_prazo":null,"data_fim_prazo":null,"em_tramitacao":false,"polemica":false,"objeto":"","complementar":false,"ementa":"Disp\u00f5e sobre a vacina\u00e7\u00e3o contra o Coronav\u00edrus das pessoas com Autismo, S\u00edndrome de Down e Defici\u00eancia Intelectual no Munic\u00edpio de Ca\u00e7apava do Sul.","indexacao":"","observacao":"","resultado":"","texto_original":"http://sapl.cacapavadosul.rs.leg.br/media/sapl/public/materialegislativa/2021/5630/projeto_de_lei_n4593.pdf","data_ultima_atualizacao":"2021-05-14T11:34:35.909427-03:00","ip":"200.237.93.132","ultima_edicao":"2021-05-14T11:34:06.792284-03:00","tipo":11,"regime_tramitacao":1,"tipo_origem_externa":null,"local_origem_externa":null,"user":32,"anexadas":[],"autores":[44]}